{"id":601,"date":"2026-09-03T08:49:54","date_gmt":"2026-09-03T08:49:54","guid":{"rendered":"https:\/\/jarmolius.fi\/wordpress\/?p=601"},"modified":"2026-09-03T08:51:21","modified_gmt":"2026-09-03T08:51:21","slug":"601","status":"publish","type":"post","link":"https:\/\/jarmolius.fi\/wordpress\/?p=601","title":{"rendered":"IKKUNA"},"content":{"rendered":"\n<h1 class=\"wp-block-heading\">Sananen Euroopan tilasta vuonna 2016-2026<\/h1>\n\n\n\n<p>Eurooppa, sinut maalattiin<\/p>\n\n\n\n<p>kartoille. \u00c4\u00e4riviivasi, Dorian,<\/p>\n\n\n\n<p>sait sis\u00e4llesi&nbsp;ihanteen ja syd\u00e4men kasvot.<\/p>\n\n\n\n<p>Ihosi, lihasi, veresi&nbsp;Atlantilta&nbsp;J\u00e4\u00e4merelle,<\/p>\n\n\n\n<p>rajapuomein verhosit alastomuutesi,<\/p>\n\n\n\n<p>muutuit ihmiseksi varpaista otsaan,<\/p>\n\n\n\n<p>sait miehen ja naisen vartalon.<\/p>\n\n\n\n<p>Sait&nbsp;ihmisyyden hyveineen&nbsp;ja paheineen.<\/p>\n\n\n\n<p>Kauneutesi ikuistettiin, kahdet kasvosi,<\/p>\n\n\n\n<p>sait Januksen kasvot,<\/p>\n\n\n\n<p>kankaalle jossa tarkoin kosketuksin<\/p>\n\n\n\n<p>voi n\u00e4hd\u00e4 t\u00e4htien muodostaman suun,<\/p>\n\n\n\n<p>h\u00e4mm\u00e4styksesi&nbsp;kasvavasta vallasta.<\/p>\n\n\n\n<p>Juopot, el\u00e4m\u00e4\u00e4n kyll\u00e4styneet, hullut,<\/p>\n\n\n\n<p>himon tuoksuiset&nbsp;kabinetit Brysseliss\u00e4,<\/p>\n\n\n\n<p>liansiniset&nbsp;vallankumoukset Ukrainassa,<\/p>\n\n\n\n<p>raskain vedoin sait&nbsp;kahdet kasvot.<\/p>\n\n\n\n<p>Yhdet oikeat ja toiset ikuiset<\/p>\n\n\n\n<p>piirr\u00e4n mieleeni loittonevan&nbsp;bussin ikkunasta.<\/p>\n","protected":false},"excerpt":{"rendered":"<p>Sananen Euroopan tilasta vuonna 2016-2026 Eurooppa, sinut maalattiin kartoille. \u00c4\u00e4riviivasi, Dorian, sait sis\u00e4llesi&nbsp;ihanteen ja syd\u00e4men kasvot. Ihosi, lihasi, veresi&nbsp;Atlantilta&nbsp;J\u00e4\u00e4merelle, rajapuomein verhosit alastomuutesi, muutuit ihmiseksi varpaista otsaan, sait miehen ja naisen vartalon. Sait&nbsp;ihmisyyden hyveineen&nbsp;ja paheineen. Kauneutesi ikuistettiin, kahdet kasvosi, sait Januksen kasvot, kankaalle jossa tarkoin kosketuksin voi n\u00e4hd\u00e4 t\u00e4htien muodostaman suun, h\u00e4mm\u00e4styksesi&nbsp;kasvavasta vallasta. Juopot, el\u00e4m\u00e4\u00e4n kyll\u00e4styneet, &hellip; <a href=\"https:\/\/jarmolius.fi\/wordpress\/?p=601\" class=\"more-link\">Continue reading <span class=\"screen-reader-text\">IKKUNA<\/span> <span class=\"meta-nav\">&rarr;<\/span><\/a><\/p>\n","protected":false},"author":1,"featured_media":0,"comment_status":"closed","ping_status":"open","sticky":false,"template":"","format":"standard","meta":{"footnotes":""},"categories":[1],"tags":[],"class_list":["post-601","post","type-post","status-publish","format-standard","hentry","category-runoja_donbassista"],"_links":{"self":[{"href":"https:\/\/jarmolius.fi\/wordpress\/index.php?rest_route=\/wp\/v2\/posts\/601","targetHints":{"allow":["GET"]}}],"collection":[{"href":"https:\/\/jarmolius.fi\/wordpress\/index.php?rest_route=\/wp\/v2\/posts"}],"about":[{"href":"https:\/\/jarmolius.fi\/wordpress\/index.php?rest_route=\/wp\/v2\/types\/post"}],"author":[{"embeddable":true,"href":"https:\/\/jarmolius.fi\/wordpress\/index.php?rest_route=\/wp\/v2\/users\/1"}],"replies":[{"embeddable":true,"href":"https:\/\/jarmolius.fi\/wordpress\/index.php?rest_route=%2Fwp%2Fv2%2Fcomments&post=601"}],"version-history":[{"count":2,"href":"https:\/\/jarmolius.fi\/wordpress\/index.php?rest_route=\/wp\/v2\/posts\/601\/revisions"}],"predecessor-version":[{"id":603,"href":"https:\/\/jarmolius.fi\/wordpress\/index.php?rest_route=\/wp\/v2\/posts\/601\/revisions\/603"}],"wp:attachment":[{"href":"https:\/\/jarmolius.fi\/wordpress\/index.php?rest_route=%2Fwp%2Fv2%2Fmedia&parent=601"}],"wp:term":[{"taxonomy":"category","embeddable":true,"href":"https:\/\/jarmolius.fi\/wordpress\/index.php?rest_route=%2Fwp%2Fv2%2Fcategories&post=601"},{"taxonomy":"post_tag","embeddable":true,"href":"https:\/\/jarmolius.fi\/wordpress\/index.php?rest_route=%2Fwp%2Fv2%2Ftags&post=601"}],"curies":[{"name":"wp","href":"https:\/\/api.w.org\/{rel}","templated":true}]}}